{"id":2131,"date":"2017-05-26T12:11:13","date_gmt":"2017-05-26T10:11:13","guid":{"rendered":"http:\/\/ecomuseomalesco.it\/buon-compleanno-ecomuseo\/"},"modified":"2017-05-29T12:55:33","modified_gmt":"2017-05-29T10:55:33","slug":"buon-compleanno-ecomuseo","status":"publish","type":"post","link":"https:\/\/ecomuseomalesco.it\/en\/buon-compleanno-ecomuseo\/","title":{"rendered":"Buon compleanno Ecomuseo!"},"content":{"rendered":"<h2>13 maggio \/ 2 giugno 2016 &#8211; Tante novit\u00e0 per fare gli auguri all&#8217;Ecomuseo!<\/h2>\n<p><strong>Sar\u00e0 una primavera carica di novit\u00e0 e iniziative per il nostro Ecomuseo che compie 10 anni.<\/strong><\/p>\n<p><strong>Dalla mostra in 3D ad un nuovo portale e tante altre occasioni in collaborazione con la comunit\u00e0<\/strong><\/p>\n<p>Tra le proposte: la presentazione di un nuovo portale e di due opuscoli, escursioni e visite guidate, incontri, \u00a0una mostra del tutto particolare e le attivit\u00e0 di comunit\u00e0.<\/p>\n<p>L\u2019Ecomuseo, a partire dall\u2019ottobre scorso, ha avviato il gi\u00e0 citato lavoro di ricostruzione storica che si concretizzer\u00e0 con una mostra fotografica, presentata durante la Festa Patronale di San Bernardo, nella frazione maleschese.<\/p>\n<h3>13 maggio: festa della semina<\/h3>\n<p>Sabato 13 maggio, nell\u2019ottica del recupero di saperi tradizionali e dopo il successo della settimana della canapa, si \u00e8 svolta la <strong>festa della semina<\/strong>, in collaborazione con l<strong>\u2019Associazione Canapa Alpina<\/strong>.<\/p>\n<p>Grazie all&#8217;aiuto della comunit\u00e0, \u00e8 stato possibile dare vita a un piccolo campo dimostrativo capace di valorizzare, oltre all\u2019 antico sapere, lo storico mulino, che presenta, tra l&#8217;altro, anche un frantoio per la canapa.<\/p>\n<h3>21 maggio: il primo open day della Valle Vigezzo<\/h3>\n<p>Il <strong>21 maggio<\/strong> anche l\u2019Ecomuseo aderir\u00e0 all\u2019iniziativa <strong>Viva Vigezzo<\/strong>, il primo open day della valle alpina. Durante la giornata saranno aperti musei, chiese ed organizzate una serie di interessanti iniziative. Per l&#8217;occasione sar\u00e0 possibile visitare il mulino di Zornasco e il Museo del Parco Nazionale della Val Grande dalle 10 alle 12 e dalle 13.30 alle 17.30.<\/p>\n<p>Le <strong>visite guidate al mulino,<\/strong> nel pomeriggio (dalle 14 alle 17), saranno a cura dei bambini della frazione maleschese, nell\u2019ambito delle <strong>Giornate europee dei mulini storici<\/strong>, organizzate dall\u2019<strong>Aiams (Ass. Italiana Amici dei mulini storici)<\/strong> di cui fa parte la struttura museale.<\/p>\n<h3>26 maggio: inaugurazione della mostra fotografica al Museo del Parco<\/h3>\n<p>Altra novit\u00e0 sar\u00e0 un&#8217;esposizione del tutto particolare, inaugurata il <strong>26 maggio<\/strong> presso il Museo del Parco. La mostra dal titolo <strong>Fotografia in 3Dimensioni. La Val d\u2019Ossola del 1900 \u00e8 a cura di Maurizio Zanni.<\/strong><\/p>\n<p>La sala del camino accoglier\u00e0 alcune fotografie in 3D che illustrano eventi e luoghi di Malesco, della Val Vigezzo e dell&#8217;Ossola, tratte da antiche lastre stereoscopiche effettuate dal vigezzino Giovanni Bertina, ad inizi \u2018900.<\/p>\n<p>La mostra sar\u00e0 visitabile i week-end di maggio e giugno e tutti i giorni (ad esclusione del giorno di chiusura settimanale) dal 1 luglio al 3 settembre.<\/p>\n<h3>4 giugno: Sagra dedicata ai runditt, turtei e turte ad San Per<\/h3>\n<p><strong>Il 4 giugno, in occasione della sagra,<\/strong> dedicata ai runditt, turtei e alla turte ad San Per,\u00a0 sar\u00e0 aperta al pubblico dalle 10 alle 12.30 e dalle 13.30 alle 18, con un <strong>momento speciale<\/strong> in compagnia del curatore della mostra (Dalle 15 alle 17 ).<\/p>\n<h3>27 maggio: Presentazione del nuovo portale dell\u2019Ecomuseo e del primo numero di una collana denominata Quaderni dell\u2019Ecomuseo<\/h3>\n<p>Sabato\u00a0 27 maggio, nell\u2019ambito della<strong> Settimana Europea dei Parchi<\/strong>, si terr\u00e0, al Museo del Parco \u00a0la presentazione del nuovo portale dell\u2019Ecomuseo e del <strong>primo numero<\/strong> della collana Quaderni dell\u2019Ecomuseo, dedicato alla <strong>pietra ollare<\/strong>.<\/p>\n<p>Alle 16 \u00e8 prevista una <strong>passeggiata sulla stessa tematica, in centro storico<\/strong>, in compagnia dell\u2019archeologa <strong>Elena Poletti<\/strong>.(Prenotazione obbligatoria entro il 24\/05).<\/p>\n<h3>Le novit\u00e0 non finiscono qui!<\/h3>\n<p>L\u2019Ecomuseo sar\u00e0 protagonista di <strong>Aspettando la sagra del 2 giugno, <\/strong>dove\u00a0avverr\u00e0 la nomina ufficiale del prodotto Runditt a <strong>Comunit\u00e0 del cibo di Slow Food<\/strong>;<\/p>\n<p>Inoltre, nell\u2019ottica della ricerca storica, alle 10.30 al Museo del Parco,<strong> sar\u00e0 presentato il secondo quaderno dell\u2019Ecomuseo \u201cRunditt, una tradizione che guarda al futuro<\/strong>\u201d, a cura di <strong>Nadia Caretti<\/strong>.<\/p>\n<p>La presentazione della sagra e del programma della seconda edizione, si terr\u00e0 il <strong>20 maggio<\/strong> presso <strong>L\u2019Ossola Shopping Center \u00a0di Crevoladossola, <\/strong>alle ore 16.30.<\/p>\n<p>Queste solo alcune delle iniziative che si svolgeranno prossimamente a Malesco!<\/p>\n<p>Per maggiori informazioni 0324\/92444<\/p>\n<p><img loading=\"lazy\" class=\"aligncenter wp-image-2002 size-large\" src=\"http:\/\/ecomuseomalesco.it\/wp-content\/uploads\/2017\/05\/ridimensionata-buon-compleanno-724x1024.jpg\" alt=\"\" width=\"724\" height=\"1024\" srcset=\"https:\/\/ecomuseomalesco.it\/wp-content\/uploads\/2017\/05\/ridimensionata-buon-compleanno-724x1024.jpg 724w, https:\/\/ecomuseomalesco.it\/wp-content\/uploads\/2017\/05\/ridimensionata-buon-compleanno-212x300.jpg 212w, https:\/\/ecomuseomalesco.it\/wp-content\/uploads\/2017\/05\/ridimensionata-buon-compleanno-768x1086.jpg 768w, https:\/\/ecomuseomalesco.it\/wp-content\/uploads\/2017\/05\/ridimensionata-buon-compleanno-19x27.jpg 19w, https:\/\/ecomuseomalesco.it\/wp-content\/uploads\/2017\/05\/ridimensionata-buon-compleanno.jpg 800w\" sizes=\"(max-width: 724px) 100vw, 724px\" \/><\/p>\n<p>&nbsp;<\/p>\n","protected":false},"excerpt":{"rendered":"<p>13 maggio \/ 2 giugno 2016 &#8211; Tante novit\u00e0 per fare gli auguri all&#8217;Ecomuseo! Sar\u00e0 una primavera carica di novit\u00e0 e iniziative per il nostro Ecomuseo che compie 10 anni. Dalla mostra in 3D ad un nuovo portale e tante altre occasioni in collaborazione con la comunit\u00e0 Tra le proposte: la presentazione di un nuovo portale e di due opuscoli, [&hellip;]<\/p>\n","protected":false},"author":3,"featured_media":0,"comment_status":"closed","ping_status":"closed","sticky":false,"template":"","format":"standard","meta":[],"categories":[66,67],"tags":[],"location-tag":[],"yoast_head":"<!-- This site is optimized with the Yoast SEO plugin v16.8 - https:\/\/yoast.com\/wordpress\/plugins\/seo\/ -->\n<title>Buon compleanno Ecomuseo! - Ecomuseum of Malesco<\/title>\n<meta name=\"description\" content=\"Sar\u00e0 una primavera carica di novit\u00e0 per i 10 anni del nostro Ecomuseo: un nuovo portale, escursioni, visite guidate e incontri!\" \/>\n<meta name=\"robots\" content=\"index, follow, max-snippet:-1, max-image-preview:large, max-video-preview:-1\" \/>\n<link rel=\"canonical\" href=\"https:\/\/ecomuseomalesco.it\/en\/buon-compleanno-ecomuseo\/\" \/>\n<meta property=\"og:locale\" content=\"en_US\" \/>\n<meta property=\"og:type\" content=\"article\" \/>\n<meta property=\"og:title\" content=\"Buon compleanno Ecomuseo! - Ecomuseum of Malesco\" \/>\n<meta property=\"og:description\" content=\"Sar\u00e0 una primavera carica di novit\u00e0 per i 10 anni del nostro Ecomuseo: un nuovo portale, escursioni, visite guidate e incontri!\" \/>\n<meta property=\"og:url\" content=\"https:\/\/ecomuseomalesco.it\/buon-compleanno-ecomuseo\/\" \/>\n<meta property=\"og:site_name\" content=\"Ecomuseum of Malesco\" \/>\n<meta property=\"article:published_time\" content=\"2017-05-26T10:11:13+00:00\" \/>\n<meta property=\"article:modified_time\" content=\"2017-05-29T10:55:33+00:00\" \/>\n<meta property=\"og:image\" content=\"http:\/\/ecomuseomalesco.it\/wp-content\/uploads\/2017\/05\/ridimensionata-buon-compleanno-724x1024.jpg\" \/>\n<meta name=\"twitter:card\" content=\"summary\" \/>\n<meta name=\"twitter:label1\" content=\"Written by\" \/>\n\t<meta name=\"twitter:data1\" content=\"Ecomuseo\" \/>\n\t<meta name=\"twitter:label2\" content=\"Est. reading time\" \/>\n\t<meta name=\"twitter:data2\" content=\"3 minutes\" \/>\n<script type=\"application\/ld+json\" class=\"yoast-schema-graph\">{\"@context\":\"https:\/\/schema.org\",\"@graph\":[{\"@type\":\"WebSite\",\"@id\":\"https:\/\/ecomuseomalesco.it\/#website\",\"url\":\"https:\/\/ecomuseomalesco.it\/\",\"name\":\"Ecomuseum of Malesco\",\"description\":\"ed leuzerie e di skerpelit - un museo del tempo e dello spazio\",\"potentialAction\":[{\"@type\":\"SearchAction\",\"target\":{\"@type\":\"EntryPoint\",\"urlTemplate\":\"https:\/\/ecomuseomalesco.it\/?s={search_term_string}\"},\"query-input\":\"required name=search_term_string\"}],\"inLanguage\":\"en-US\"},{\"@type\":\"ImageObject\",\"@id\":\"https:\/\/ecomuseomalesco.it\/buon-compleanno-ecomuseo\/#primaryimage\",\"inLanguage\":\"en-US\",\"url\":\"http:\/\/ecomuseomalesco.it\/wp-content\/uploads\/2017\/05\/ridimensionata-buon-compleanno-724x1024.jpg\",\"contentUrl\":\"http:\/\/ecomuseomalesco.it\/wp-content\/uploads\/2017\/05\/ridimensionata-buon-compleanno-724x1024.jpg\"},{\"@type\":\"WebPage\",\"@id\":\"https:\/\/ecomuseomalesco.it\/buon-compleanno-ecomuseo\/#webpage\",\"url\":\"https:\/\/ecomuseomalesco.it\/buon-compleanno-ecomuseo\/\",\"name\":\"Buon compleanno Ecomuseo! - Ecomuseum of Malesco\",\"isPartOf\":{\"@id\":\"https:\/\/ecomuseomalesco.it\/#website\"},\"primaryImageOfPage\":{\"@id\":\"https:\/\/ecomuseomalesco.it\/buon-compleanno-ecomuseo\/#primaryimage\"},\"datePublished\":\"2017-05-26T10:11:13+00:00\",\"dateModified\":\"2017-05-29T10:55:33+00:00\",\"author\":{\"@id\":\"https:\/\/ecomuseomalesco.it\/#\/schema\/person\/3c0a8232eb5a71233a0b2bd0dabb7a5d\"},\"description\":\"Sar\\u00e0 una primavera carica di novit\\u00e0 per i 10 anni del nostro Ecomuseo: un nuovo portale, escursioni, visite guidate e incontri!\",\"breadcrumb\":{\"@id\":\"https:\/\/ecomuseomalesco.it\/buon-compleanno-ecomuseo\/#breadcrumb\"},\"inLanguage\":\"en-US\",\"potentialAction\":[{\"@type\":\"ReadAction\",\"target\":[\"https:\/\/ecomuseomalesco.it\/buon-compleanno-ecomuseo\/\"]}]},{\"@type\":\"BreadcrumbList\",\"@id\":\"https:\/\/ecomuseomalesco.it\/buon-compleanno-ecomuseo\/#breadcrumb\",\"itemListElement\":[{\"@type\":\"ListItem\",\"position\":1,\"name\":\"Home\",\"item\":\"https:\/\/ecomuseomalesco.it\/\"},{\"@type\":\"ListItem\",\"position\":2,\"name\":\"Buon compleanno Ecomuseo!\"}]},{\"@type\":\"Person\",\"@id\":\"https:\/\/ecomuseomalesco.it\/#\/schema\/person\/3c0a8232eb5a71233a0b2bd0dabb7a5d\",\"name\":\"Ecomuseo\",\"image\":{\"@type\":\"ImageObject\",\"@id\":\"https:\/\/ecomuseomalesco.it\/#personlogo\",\"inLanguage\":\"en-US\",\"url\":\"https:\/\/secure.gravatar.com\/avatar\/0d4cac73c1ae7dd3680f4e09825d7f6e?s=96&d=mm&r=g\",\"contentUrl\":\"https:\/\/secure.gravatar.com\/avatar\/0d4cac73c1ae7dd3680f4e09825d7f6e?s=96&d=mm&r=g\",\"caption\":\"Ecomuseo\"},\"url\":\"https:\/\/ecomuseomalesco.it\/en\/author\/ecomuseo\/\"}]}<\/script>\n<!-- \/ Yoast SEO plugin. -->","yoast_head_json":{"title":"Buon compleanno Ecomuseo! - Ecomuseum of Malesco","description":"Sar\u00e0 una primavera carica di novit\u00e0 per i 10 anni del nostro Ecomuseo: un nuovo portale, escursioni, visite guidate e incontri!","robots":{"index":"index","follow":"follow","max-snippet":"max-snippet:-1","max-image-preview":"max-image-preview:large","max-video-preview":"max-video-preview:-1"},"canonical":"https:\/\/ecomuseomalesco.it\/en\/buon-compleanno-ecomuseo\/","og_locale":"en_US","og_type":"article","og_title":"Buon compleanno Ecomuseo! - Ecomuseum of Malesco","og_description":"Sar\u00e0 una primavera carica di novit\u00e0 per i 10 anni del nostro Ecomuseo: un nuovo portale, escursioni, visite guidate e incontri!","og_url":"https:\/\/ecomuseomalesco.it\/buon-compleanno-ecomuseo\/","og_site_name":"Ecomuseum of Malesco","article_published_time":"2017-05-26T10:11:13+00:00","article_modified_time":"2017-05-29T10:55:33+00:00","og_image":[{"url":"http:\/\/ecomuseomalesco.it\/wp-content\/uploads\/2017\/05\/ridimensionata-buon-compleanno-724x1024.jpg"}],"twitter_card":"summary","twitter_misc":{"Written by":"Ecomuseo","Est. reading time":"3 minutes"},"schema":{"@context":"https:\/\/schema.org","@graph":[{"@type":"WebSite","@id":"https:\/\/ecomuseomalesco.it\/#website","url":"https:\/\/ecomuseomalesco.it\/","name":"Ecomuseum of Malesco","description":"ed leuzerie e di skerpelit - un museo del tempo e dello spazio","potentialAction":[{"@type":"SearchAction","target":{"@type":"EntryPoint","urlTemplate":"https:\/\/ecomuseomalesco.it\/?s={search_term_string}"},"query-input":"required name=search_term_string"}],"inLanguage":"en-US"},{"@type":"ImageObject","@id":"https:\/\/ecomuseomalesco.it\/buon-compleanno-ecomuseo\/#primaryimage","inLanguage":"en-US","url":"http:\/\/ecomuseomalesco.it\/wp-content\/uploads\/2017\/05\/ridimensionata-buon-compleanno-724x1024.jpg","contentUrl":"http:\/\/ecomuseomalesco.it\/wp-content\/uploads\/2017\/05\/ridimensionata-buon-compleanno-724x1024.jpg"},{"@type":"WebPage","@id":"https:\/\/ecomuseomalesco.it\/buon-compleanno-ecomuseo\/#webpage","url":"https:\/\/ecomuseomalesco.it\/buon-compleanno-ecomuseo\/","name":"Buon compleanno Ecomuseo! - Ecomuseum of Malesco","isPartOf":{"@id":"https:\/\/ecomuseomalesco.it\/#website"},"primaryImageOfPage":{"@id":"https:\/\/ecomuseomalesco.it\/buon-compleanno-ecomuseo\/#primaryimage"},"datePublished":"2017-05-26T10:11:13+00:00","dateModified":"2017-05-29T10:55:33+00:00","author":{"@id":"https:\/\/ecomuseomalesco.it\/#\/schema\/person\/3c0a8232eb5a71233a0b2bd0dabb7a5d"},"description":"Sar\u00e0 una primavera carica di novit\u00e0 per i 10 anni del nostro Ecomuseo: un nuovo portale, escursioni, visite guidate e incontri!","breadcrumb":{"@id":"https:\/\/ecomuseomalesco.it\/buon-compleanno-ecomuseo\/#breadcrumb"},"inLanguage":"en-US","potentialAction":[{"@type":"ReadAction","target":["https:\/\/ecomuseomalesco.it\/buon-compleanno-ecomuseo\/"]}]},{"@type":"BreadcrumbList","@id":"https:\/\/ecomuseomalesco.it\/buon-compleanno-ecomuseo\/#breadcrumb","itemListElement":[{"@type":"ListItem","position":1,"name":"Home","item":"https:\/\/ecomuseomalesco.it\/"},{"@type":"ListItem","position":2,"name":"Buon compleanno Ecomuseo!"}]},{"@type":"Person","@id":"https:\/\/ecomuseomalesco.it\/#\/schema\/person\/3c0a8232eb5a71233a0b2bd0dabb7a5d","name":"Ecomuseo","image":{"@type":"ImageObject","@id":"https:\/\/ecomuseomalesco.it\/#personlogo","inLanguage":"en-US","url":"https:\/\/secure.gravatar.com\/avatar\/0d4cac73c1ae7dd3680f4e09825d7f6e?s=96&d=mm&r=g","contentUrl":"https:\/\/secure.gravatar.com\/avatar\/0d4cac73c1ae7dd3680f4e09825d7f6e?s=96&d=mm&r=g","caption":"Ecomuseo"},"url":"https:\/\/ecomuseomalesco.it\/en\/author\/ecomuseo\/"}]}},"acf":[],"_links":{"self":[{"href":"https:\/\/ecomuseomalesco.it\/en\/wp-json\/wp\/v2\/posts\/2131"}],"collection":[{"href":"https:\/\/ecomuseomalesco.it\/en\/wp-json\/wp\/v2\/posts"}],"about":[{"href":"https:\/\/ecomuseomalesco.it\/en\/wp-json\/wp\/v2\/types\/post"}],"author":[{"embeddable":true,"href":"https:\/\/ecomuseomalesco.it\/en\/wp-json\/wp\/v2\/users\/3"}],"replies":[{"embeddable":true,"href":"https:\/\/ecomuseomalesco.it\/en\/wp-json\/wp\/v2\/comments?post=2131"}],"version-history":[{"count":2,"href":"https:\/\/ecomuseomalesco.it\/en\/wp-json\/wp\/v2\/posts\/2131\/revisions"}],"predecessor-version":[{"id":2138,"href":"https:\/\/ecomuseomalesco.it\/en\/wp-json\/wp\/v2\/posts\/2131\/revisions\/2138"}],"wp:attachment":[{"href":"https:\/\/ecomuseomalesco.it\/en\/wp-json\/wp\/v2\/media?parent=2131"}],"wp:term":[{"taxonomy":"category","embeddable":true,"href":"https:\/\/ecomuseomalesco.it\/en\/wp-json\/wp\/v2\/categories?post=2131"},{"taxonomy":"post_tag","embeddable":true,"href":"https:\/\/ecomuseomalesco.it\/en\/wp-json\/wp\/v2\/tags?post=2131"},{"taxonomy":"location-tag","embeddable":true,"href":"https:\/\/ecomuseomalesco.it\/en\/wp-json\/wp\/v2\/location-tag?post=2131"}],"curies":[{"name":"wp","href":"https:\/\/api.w.org\/{rel}","templated":true}]}}